{"id":10084,"date":"2026-03-03T18:55:56","date_gmt":"2026-03-03T23:55:56","guid":{"rendered":"\/site\/?p=10084"},"modified":"2026-03-03T18:55:58","modified_gmt":"2026-03-03T23:55:58","slug":"careme-un-jeune-qui-setend-aussi-a-notre-usage-de-la-parole","status":"publish","type":"post","link":"\/site\/2026\/03\/03\/careme-un-jeune-qui-setend-aussi-a-notre-usage-de-la-parole\/","title":{"rendered":"Car\u00eame : un je\u00fbne qui s\u2019\u00e9tend aussi \u00e0 notre usage de la parole"},"content":{"rendered":"\n<figure class=\"wp-block-image size-large\"><a href=\"https:\/\/islghaiti.org\/site\/wp-content\/uploads\/2025\/11\/couverture2.png\" data-rel=\"lightbox-image-0\" data-rl_title=\"\" data-rl_caption=\"\" title=\"\"><img loading=\"lazy\" decoding=\"async\" width=\"1024\" height=\"246\" src=\"https:\/\/islghaiti.org\/site\/wp-content\/uploads\/2025\/11\/couverture2-1024x246.png\" alt=\"\" class=\"wp-image-9708\" srcset=\"https:\/\/islghaiti.org\/site\/wp-content\/uploads\/2025\/11\/couverture2-1024x246.png 1024w, https:\/\/islghaiti.org\/site\/wp-content\/uploads\/2025\/11\/couverture2-300x72.png 300w, https:\/\/islghaiti.org\/site\/wp-content\/uploads\/2025\/11\/couverture2-768x184.png 768w, https:\/\/islghaiti.org\/site\/wp-content\/uploads\/2025\/11\/couverture2.png 1159w\" sizes=\"auto, (max-width: 1024px) 100vw, 1024px\" \/><\/a><\/figure>\n\n\n\n<div class=\"wp-block-media-text alignwide is-stacked-on-mobile is-image-fill-element\"><figure class=\"wp-block-media-text__media\"><img loading=\"lazy\" decoding=\"async\" width=\"1002\" height=\"752\" src=\"https:\/\/islghaiti.org\/site\/wp-content\/uploads\/2026\/03\/WhatsApp-Image-2026-03-03-at-6.05.01-PM.jpeg\" alt=\"\" class=\"wp-image-10085 size-full\" style=\"object-position:100% 63%\" srcset=\"https:\/\/islghaiti.org\/site\/wp-content\/uploads\/2026\/03\/WhatsApp-Image-2026-03-03-at-6.05.01-PM.jpeg 1002w, https:\/\/islghaiti.org\/site\/wp-content\/uploads\/2026\/03\/WhatsApp-Image-2026-03-03-at-6.05.01-PM-300x225.jpeg 300w, https:\/\/islghaiti.org\/site\/wp-content\/uploads\/2026\/03\/WhatsApp-Image-2026-03-03-at-6.05.01-PM-768x576.jpeg 768w\" sizes=\"auto, (max-width: 1002px) 100vw, 1002px\" \/><\/figure><div class=\"wp-block-media-text__content\">\n<p class=\"has-medium-font-size\">Aujourd\u2019hui, la visite du Fr\u00e8re Simon Alphonse a rev\u00eatu une dimension \u00e0 la fois spirituelle et institutionnelle. Provincial de la Congr\u00e9gation des Fr\u00e8res, il incarne l\u2019autorit\u00e9 morale ainsi que la fid\u00e9lit\u00e9 au charisme fondateur qui inspire et \u00e9claire notre \u0153uvre \u00e9ducative. Sa pr\u00e9sence a suscit\u00e9 un recueillement profond, tant chez les enseignants que chez les \u00e9l\u00e8ves, tous conscients de la port\u00e9e symbolique et fraternelle de cette rencontre.<\/p>\n<\/div><\/div>\n\n\n\n<div class=\"wp-block-media-text alignwide has-media-on-the-right is-stacked-on-mobile is-image-fill-element\"><div class=\"wp-block-media-text__content\">\n<p class=\"has-medium-font-size\">Le Provincial a rappel\u00e9 avec force que la vocation int\u00e9grale de l\u2019\u00e9cole est de former l\u2019intelligence sans jamais n\u00e9gliger la conscience, laquelle doit \u00eatre fa\u00e7onn\u00e9e et affermie par les valeurs chr\u00e9tiennes. Afin de promouvoir la fraternit\u00e9, th\u00e8me central de notre ann\u00e9e scolaire, le Fr\u00e8re Simon a exhort\u00e9 les \u00e9l\u00e8ves \u00e0 cultiver des attitudes empreintes de respect, d\u2019attention et de bienveillance. Une attention v\u00e9ritable, a-t-il soulign\u00e9, na\u00eet d\u2019un regard qui sait voir et d\u2019une \u00e9coute qui sait accueillir : ouvrir les yeux sur ceux qui nous entourent pour apprendre \u00e0 \u00e9couter avec le c\u0153ur.<\/p>\n<\/div><figure class=\"wp-block-media-text__media\"><img loading=\"lazy\" decoding=\"async\" width=\"768\" height=\"1024\" src=\"https:\/\/islghaiti.org\/site\/wp-content\/uploads\/2026\/03\/WhatsApp-Image-2026-03-03-at-6.04.59-PM-768x1024.jpeg\" alt=\"\" class=\"wp-image-10088 size-full\" style=\"object-position:50% 50%\" srcset=\"https:\/\/islghaiti.org\/site\/wp-content\/uploads\/2026\/03\/WhatsApp-Image-2026-03-03-at-6.04.59-PM-768x1024.jpeg 768w, https:\/\/islghaiti.org\/site\/wp-content\/uploads\/2026\/03\/WhatsApp-Image-2026-03-03-at-6.04.59-PM-225x300.jpeg 225w, https:\/\/islghaiti.org\/site\/wp-content\/uploads\/2026\/03\/WhatsApp-Image-2026-03-03-at-6.04.59-PM.jpeg 810w\" sizes=\"auto, (max-width: 768px) 100vw, 768px\" \/><\/figure><\/div>\n\n\n\n<div class=\"wp-block-media-text alignwide is-stacked-on-mobile is-image-fill-element\"><figure class=\"wp-block-media-text__media\"><img loading=\"lazy\" decoding=\"async\" width=\"768\" height=\"1024\" src=\"https:\/\/islghaiti.org\/site\/wp-content\/uploads\/2026\/03\/WhatsApp-Image-2026-02-27-at-9.49.13-AM-1-768x1024.jpeg\" alt=\"\" class=\"wp-image-10089 size-full\" style=\"object-position:50% 50%\" srcset=\"https:\/\/islghaiti.org\/site\/wp-content\/uploads\/2026\/03\/WhatsApp-Image-2026-02-27-at-9.49.13-AM-1-768x1024.jpeg 768w, https:\/\/islghaiti.org\/site\/wp-content\/uploads\/2026\/03\/WhatsApp-Image-2026-02-27-at-9.49.13-AM-1-225x300.jpeg 225w, https:\/\/islghaiti.org\/site\/wp-content\/uploads\/2026\/03\/WhatsApp-Image-2026-02-27-at-9.49.13-AM-1.jpeg 960w\" sizes=\"auto, (max-width: 768px) 100vw, 768px\" \/><\/figure><div class=\"wp-block-media-text__content\">\n<p class=\"has-medium-font-size\">La fraternit\u00e9 s\u2019enracine dans cette qu\u00eate sinc\u00e8re du bien de l\u2019autre, au c\u0153ur m\u00eame des d\u00e9tresses et des fragilit\u00e9s quotidiennes. Elle nous rappelle que Dieu demeure pr\u00e9sent, en chacun de nous comme en notre prochain. D\u00e8s lors, si Dieu habite nos c\u0153urs et ceux de nos fr\u00e8res, nous sommes appel\u00e9s \u00e0 nous abstenir de toute parole malveillante, de ces propos qui blessent, qui divisent et parfois d\u00e9truisent.<\/p>\n<\/div><\/div>\n\n\n\n<div class=\"wp-block-media-text alignwide has-media-on-the-right is-stacked-on-mobile is-image-fill-element\"><div class=\"wp-block-media-text__content\">\n<p class=\"has-medium-font-size\">Tel est l\u2019effort de je\u00fbne auquel nous convie le temps du Car\u00eame : un je\u00fbne qui ne se limite pas \u00e0 l\u2019abstinence alimentaire, mais qui s\u2019\u00e9tend \u00e0 nos attitudes, \u00e0 nos pens\u00e9es et \u00e0 notre mani\u00e8re de parler. Merci, cher Fr\u00e8re, pour ce moment privil\u00e9gi\u00e9 de communion, de discernement et de renouveau offert \u00e0 toute la communaut\u00e9 \u00e9ducative.<\/p>\n<\/div><figure class=\"wp-block-media-text__media\"><img loading=\"lazy\" decoding=\"async\" width=\"768\" height=\"1024\" src=\"https:\/\/islghaiti.org\/site\/wp-content\/uploads\/2026\/03\/WhatsApp-Image-2026-02-27-at-9.49.13-AM-768x1024.jpeg\" alt=\"\" class=\"wp-image-10090 size-full\" style=\"object-position:50% 50%\" srcset=\"https:\/\/islghaiti.org\/site\/wp-content\/uploads\/2026\/03\/WhatsApp-Image-2026-02-27-at-9.49.13-AM-768x1024.jpeg 768w, https:\/\/islghaiti.org\/site\/wp-content\/uploads\/2026\/03\/WhatsApp-Image-2026-02-27-at-9.49.13-AM-225x300.jpeg 225w, https:\/\/islghaiti.org\/site\/wp-content\/uploads\/2026\/03\/WhatsApp-Image-2026-02-27-at-9.49.13-AM.jpeg 960w\" sizes=\"auto, (max-width: 768px) 100vw, 768px\" \/><\/figure><\/div>\n\n\n\n<p class=\"has-text-align-right\"><strong>APS<\/strong><\/p>\n\n\n\n<p><\/p>\n<div class=\"pld-like-dislike-wrap pld-template-1\">\r\n    <div class=\"pld-like-wrap  pld-common-wrap\">\r\n    <a href=\"javascript:void(0)\" class=\"pld-like-trigger pld-like-dislike-trigger  \" title=\"J&#039;aime\" data-post-id=\"10084\" data-trigger-type=\"like\" data-restriction=\"cookie\" data-already-liked=\"0\">\r\n                        <i class=\"fas fa-thumbs-up\"><\/i>\r\n                <\/a>\r\n    <span class=\"pld-like-count-wrap pld-count-wrap\">14    <\/span>\r\n<\/div><div class=\"pld-dislike-wrap  pld-common-wrap\">\r\n    <a href=\"javascript:void(0)\" class=\"pld-dislike-trigger pld-like-dislike-trigger  \" title=\"Je n&#039;aime pas\" data-post-id=\"10084\" data-trigger-type=\"dislike\" data-restriction=\"cookie\" data-already-liked=\"0\">\r\n                        <i class=\"fas fa-thumbs-down\"><\/i>\r\n                <\/a>\r\n    <span class=\"pld-dislike-count-wrap pld-count-wrap\">0<\/span>\r\n<\/div><\/div>","protected":false},"excerpt":{"rendered":"<p>Aujourd\u2019hui, la visite du Fr\u00e8re Simon Alphonse a rev\u00eatu une dimension \u00e0 la fois spirituelle et institutionnelle.  <a href=\"\/site\/2026\/03\/03\/careme-un-jeune-qui-setend-aussi-a-notre-usage-de-la-parole\/\">Continue reading <span class=\"meta-nav\">&rarr;<\/span><\/a><\/p>\n","protected":false},"author":27,"featured_media":10088,"comment_status":"closed","ping_status":"closed","sticky":false,"template":"","format":"standard","meta":{"_eb_attr":"","footnotes":""},"categories":[214,261,352,207,208,209,210,211,306],"tags":[262,31,11],"class_list":["post-10084","post","type-post","status-publish","format-standard","has-post-thumbnail","hentry","category-3eme-cycle","category-aps","category-f-i-c","category-secondaire","category-secondaire-1","category-secondaire-2","category-secondaire-3","category-secondaire-4","category-slg","tag-aps","tag-fic","tag-slg"],"_links":{"self":[{"href":"\/site\/wp-json\/wp\/v2\/posts\/10084","targetHints":{"allow":["GET"]}}],"collection":[{"href":"\/site\/wp-json\/wp\/v2\/posts"}],"about":[{"href":"\/site\/wp-json\/wp\/v2\/types\/post"}],"author":[{"embeddable":true,"href":"\/site\/wp-json\/wp\/v2\/users\/27"}],"replies":[{"embeddable":true,"href":"\/site\/wp-json\/wp\/v2\/comments?post=10084"}],"version-history":[{"count":2,"href":"\/site\/wp-json\/wp\/v2\/posts\/10084\/revisions"}],"predecessor-version":[{"id":10092,"href":"\/site\/wp-json\/wp\/v2\/posts\/10084\/revisions\/10092"}],"wp:featuredmedia":[{"embeddable":true,"href":"\/site\/wp-json\/wp\/v2\/media\/10088"}],"wp:attachment":[{"href":"\/site\/wp-json\/wp\/v2\/media?parent=10084"}],"wp:term":[{"taxonomy":"category","embeddable":true,"href":"\/site\/wp-json\/wp\/v2\/categories?post=10084"},{"taxonomy":"post_tag","embeddable":true,"href":"\/site\/wp-json\/wp\/v2\/tags?post=10084"}],"curies":[{"name":"wp","href":"https:\/\/api.w.org\/{rel}","templated":true}]}}